{"id":721,"date":"2020-12-15T13:40:05","date_gmt":"2020-12-15T13:40:05","guid":{"rendered":"https:\/\/generativehumanae.ch\/?p=721"},"modified":"2025-03-21T12:15:54","modified_gmt":"2025-03-21T11:15:54","slug":"entreprise-genie","status":"publish","type":"post","link":"https:\/\/generativehumanae.ch\/fr\/entreprise-genie\/","title":{"rendered":"L\u2019envie cr\u00e9e l\u2019entreprise \u00ab de g\u00e9nie \u00bb de 2024"},"content":{"rendered":"\n<p>Organisme vivant, parfois \u00abvibrant\u00bb, l\u2019entreprise nourrit et se nourrit d\u2019un \u00e9cosyst\u00e8me actuel complexe, volatile, ambigu et incertain (VUCA). Important donc de rendre l\u2019aventure \u00ab&nbsp;formidable&nbsp;\u00bb car, par d\u00e9finition, elle est peu \u00ab&nbsp;confortable&nbsp;\u00bb. G\u00e9n\u00e9ratrice d\u2019envies et de g\u00e9nie, elle draine aussi avec elle son lot de peurs.<\/p>\n\n\n\n<p>L\u2019enjeu consiste donc pour les dirigeants et leurs \u00e9quipes \u00e0 mobiliser pleinement le levier d\u2019\u00e9nergie inoxydable qu\u2019est L\u2019ENVIE, individuelle et collective. L\u2019envie d\u2019innover, de prendre des risques, d\u2019entreprendre, de se sentir vivant, puissant ou simplement utile.<\/p>\n\n\n\n<p>Sur papier, tout parait simple. Et pourtant, au travers de nos interventions cibl\u00e9es sur la \u00ab&nbsp;mise en puissance&nbsp;\u00bb des organisations, force est de constater que les peurs prennent souvent le dessus sur les envies. Formul\u00e9 de mani\u00e8re provoquante, certains environnements \u00ab&nbsp;sentent la mort&nbsp;\u00bb, emp\u00eatr\u00e9s dans la \u00ab&nbsp;culture de la faute&nbsp;\u00bb et de la \u00ab&nbsp;prise de risque 0&nbsp;\u00bb, incapables de renouveau \u00e0 l\u2019heure o\u00f9 l\u2019exigence est \u00e0 l\u2019agilit\u00e9 et \u00e0 la rapidit\u00e9.<\/p>\n\n\n\n<p>Une r\u00e8gle d\u2019or fait cependant ses preuves pour d\u00e9fier cette dynamique scl\u00e9rosante : <strong>P+P=P<\/strong>, <strong>Protection + Permission = Puissance<\/strong>. Bien que math\u00e9matiquement discutable, cette formule, issue de l\u2019analyse transactionnelle, offre les conditions d\u2019une \u00ab&nbsp;mise en puissance&nbsp;\u00bb des envies&nbsp;r\u00e9ussie. Elle pourrait m\u00eame devenir le premier principe en Leadership prodigu\u00e9 dans les \u00e9coles de management.<\/p>\n\n\n\n<ul class=\"wp-block-list\">\n<li><strong>P pour Protection<\/strong><\/li>\n<\/ul>\n\n\n\n<p>L\u2019envie est une \u00e9nergie fugace, tr\u00e8s d\u00e9pendante de l\u2019environnement dans laquelle elle \u00e9volue. Au-del\u00e0 d\u2019une vision collective inspirante et embarquante qui donne du sens, c\u2019est d\u2019un cadre, de r\u00e8gles du jeu, de valeurs et d\u2019objectifs communs dont elle a besoin pour \u00eatre canalis\u00e9e sans \u00eatre asphyxi\u00e9e. C\u2019est de cette tension \u00ab&nbsp;structurante&nbsp;\u00bb que nait l\u2019envie de r\u00e9ussir et de \u00ab&nbsp;r\u00e9ussir ensemble&nbsp;\u00bb. Prot\u00e9ger l\u2019envie consiste donc \u00e0 poser le cadre, quitte \u00e0 le r\u00e9ajuster au fil du temps. Il permet aussi d\u2019instaurer un leadership \u00ab&nbsp;empathique&nbsp;\u00bb, \u00e0 ne pas confondre avec le leadership \u00ab&nbsp;sympathique&nbsp;\u00bb qui cautionne l\u2019incomp\u00e9tence et autorise la complaisance.<\/p>\n\n\n\n<ul class=\"wp-block-list\">\n<li>P+<strong>P pour Permission<\/strong><\/li>\n<\/ul>\n\n\n\n<p>S\u2019autoriser \u00e0 \u00eatre r\u00eaveur&nbsp;avant d\u2019\u00eatre r\u00e9aliste, c\u2019est ce que Walt Disney pr\u00e9conisait pour permettre \u00e0 l\u2019envie de s\u2019exprimer. Vivre l\u2019entreprise comme une aventure cr\u00e9atrice de valeur, r\u00e9v\u00e9ler les talents, lib\u00e9rer l\u2019initiative tout en respectant les limites du cadre semble \u00eatre une formule qui fonctionne. Cette \u00ab&nbsp;permission&nbsp;\u00bb, essentielle \u00e0 l\u2019avenir de l\u2019entreprise, n\u2019en est pas moins un engagement audacieux qui n\u00e9cessite de vrais investissements humains, organisationnels et financiers.<\/p>\n\n\n\n<ul class=\"wp-block-list\">\n<li>P+P=<strong>P pour Puissance<\/strong><\/li>\n<\/ul>\n\n\n\n<p>L\u2019entreprise n\u2019est pas \u00ab&nbsp;puissante&nbsp;\u00bb uniquement parce qu\u2019elle r\u00e9pond positivement \u00e0 des crit\u00e8res de performance \u00e9tablis (KPI) ou \u00e0 un positionnement diff\u00e9rentiateur fort (USP) mais parce qu\u2019elle cr\u00e9e les conditions d\u2019un monde auquel les gens veulent appartenir. Aussi complexe soit son environnement, l\u2019entreprise \u00ab&nbsp;puissante&nbsp;\u00bb fait le choix strat\u00e9gique de prot\u00e9ger l\u2019envie et de donner toute sa puissance au v\u00e9ritable levier d\u2019inspiration et de transformation qu\u2019est le GENIE humain. L\u2019entreprise de 2024 sera-t-elle alors cette entreprise \u00ab&nbsp;de g\u00e9nie&nbsp;\u00bb, celle o\u00f9 l\u2019envie prend le pas sur les peurs, bouscule et r\u00e9invente? Oui, pour autant que nous portions notre attention sur ce qui la fait grandir. A nous tous ensuite de rendre l\u2019aventure \u00abinoubliable&nbsp;\u00bb!<\/p>\n\n\n\n<p><\/p>\n","protected":false},"excerpt":{"rendered":"<p>Organisme vivant, parfois \u00abvibrant\u00bb, l\u2019entreprise nourrit et se nourrit d\u2019un \u00e9cosyst\u00e8me actuel complexe, volatile, ambigu et incertain (VUCA). Important donc de rendre l\u2019aventure \u00ab&nbsp;formidable&nbsp;\u00bb car, par d\u00e9finition, elle est peu \u00ab&nbsp;confortable&nbsp;\u00bb. G\u00e9n\u00e9ratrice d\u2019envies et de g\u00e9nie, elle draine aussi avec elle son lot de peurs. L\u2019enjeu consiste donc pour les dirigeants et leurs \u00e9quipes \u00e0 [&hellip;]<\/p>\n","protected":false},"author":1,"featured_media":722,"comment_status":"closed","ping_status":"open","sticky":false,"template":"","format":"standard","meta":{"_acf_changed":false,"footnotes":""},"categories":[32,25],"tags":[],"class_list":["post-721","post","type-post","status-publish","format-standard","has-post-thumbnail","hentry","category-capsule-inspiration","category-entreprise-genie"],"acf":[],"yoast_head":"<!-- This site is optimized with the Yoast SEO plugin v24.7 - https:\/\/yoast.com\/wordpress\/plugins\/seo\/ -->\n<title>L\u2019envie individuelle et collective cr\u00e9e l\u2019entreprise \u00ab de g\u00e9nie \u00bb<\/title>\n<meta name=\"description\" content=\"L\u2019enjeu consiste pour les dirigeants et leurs \u00e9quipes \u00e0 mobiliser pleinement le levier d\u2019\u00e9nergie inoxydable qu\u2019est L\u2019ENVIE, individuelle et collective\" \/>\n<meta name=\"robots\" content=\"index, follow, max-snippet:-1, max-image-preview:large, max-video-preview:-1\" \/>\n<link rel=\"canonical\" href=\"https:\/\/generativehumanae.ch\/fr\/entreprise-genie\/\" \/>\n<meta property=\"og:locale\" content=\"fr_FR\" \/>\n<meta property=\"og:type\" content=\"article\" \/>\n<meta property=\"og:title\" content=\"L\u2019envie individuelle et collective cr\u00e9e l\u2019entreprise \u00ab de g\u00e9nie \u00bb\" \/>\n<meta property=\"og:description\" content=\"L\u2019enjeu consiste pour les dirigeants et leurs \u00e9quipes \u00e0 mobiliser pleinement le levier d\u2019\u00e9nergie inoxydable qu\u2019est L\u2019ENVIE, individuelle et collective\" \/>\n<meta property=\"og:url\" content=\"https:\/\/generativehumanae.ch\/fr\/entreprise-genie\/\" \/>\n<meta property=\"og:site_name\" content=\"Generative Humanae\" \/>\n<meta property=\"article:published_time\" content=\"2020-12-15T13:40:05+00:00\" \/>\n<meta property=\"article:modified_time\" content=\"2025-03-21T11:15:54+00:00\" \/>\n<meta property=\"og:image\" content=\"https:\/\/generativehumanae.ch\/wp-content\/uploads\/2020\/12\/lance-grandahl-tODVdNSZxDA-unsplash-1024x768.jpg\" \/>\n\t<meta property=\"og:image:width\" content=\"1024\" \/>\n\t<meta property=\"og:image:height\" content=\"768\" \/>\n\t<meta property=\"og:image:type\" content=\"image\/jpeg\" \/>\n<meta name=\"author\" content=\"admingenerative\" \/>\n<meta name=\"twitter:card\" content=\"summary_large_image\" \/>\n<meta name=\"twitter:label1\" content=\"\u00c9crit par\" \/>\n\t<meta name=\"twitter:data1\" content=\"admingenerative\" \/>\n\t<meta name=\"twitter:label2\" content=\"Dur\u00e9e de lecture estim\u00e9e\" \/>\n\t<meta name=\"twitter:data2\" content=\"3 minutes\" \/>\n<script type=\"application\/ld+json\" class=\"yoast-schema-graph\">{\"@context\":\"https:\/\/schema.org\",\"@graph\":[{\"@type\":\"WebPage\",\"@id\":\"https:\/\/generativehumanae.ch\/fr\/entreprise-genie\/\",\"url\":\"https:\/\/generativehumanae.ch\/fr\/entreprise-genie\/\",\"name\":\"L\u2019envie individuelle et collective cr\u00e9e l\u2019entreprise \u00ab de g\u00e9nie \u00bb\",\"isPartOf\":{\"@id\":\"https:\/\/generativehumanae.ch\/en\/#website\"},\"primaryImageOfPage\":{\"@id\":\"https:\/\/generativehumanae.ch\/fr\/entreprise-genie\/#primaryimage\"},\"image\":{\"@id\":\"https:\/\/generativehumanae.ch\/fr\/entreprise-genie\/#primaryimage\"},\"thumbnailUrl\":\"https:\/\/generativehumanae.ch\/wp-content\/uploads\/2020\/12\/lance-grandahl-tODVdNSZxDA-unsplash-scaled.jpg\",\"datePublished\":\"2020-12-15T13:40:05+00:00\",\"dateModified\":\"2025-03-21T11:15:54+00:00\",\"author\":{\"@id\":\"https:\/\/generativehumanae.ch\/en\/#\/schema\/person\/f3085a6140645b154d7ce1afcc0caf6e\"},\"description\":\"L\u2019enjeu consiste pour les dirigeants et leurs \u00e9quipes \u00e0 mobiliser pleinement le levier d\u2019\u00e9nergie inoxydable qu\u2019est L\u2019ENVIE, individuelle et collective\",\"breadcrumb\":{\"@id\":\"https:\/\/generativehumanae.ch\/fr\/entreprise-genie\/#breadcrumb\"},\"inLanguage\":\"fr-FR\",\"potentialAction\":[{\"@type\":\"ReadAction\",\"target\":[\"https:\/\/generativehumanae.ch\/fr\/entreprise-genie\/\"]}]},{\"@type\":\"ImageObject\",\"inLanguage\":\"fr-FR\",\"@id\":\"https:\/\/generativehumanae.ch\/fr\/entreprise-genie\/#primaryimage\",\"url\":\"https:\/\/generativehumanae.ch\/wp-content\/uploads\/2020\/12\/lance-grandahl-tODVdNSZxDA-unsplash-scaled.jpg\",\"contentUrl\":\"https:\/\/generativehumanae.ch\/wp-content\/uploads\/2020\/12\/lance-grandahl-tODVdNSZxDA-unsplash-scaled.jpg\",\"width\":2560,\"height\":1919},{\"@type\":\"BreadcrumbList\",\"@id\":\"https:\/\/generativehumanae.ch\/fr\/entreprise-genie\/#breadcrumb\",\"itemListElement\":[{\"@type\":\"ListItem\",\"position\":1,\"name\":\"Home\",\"item\":\"https:\/\/generativehumanae.ch\/fr\/\"},{\"@type\":\"ListItem\",\"position\":2,\"name\":\"L\u2019envie cr\u00e9e l\u2019entreprise \u00ab de g\u00e9nie \u00bb de 2024\"}]},{\"@type\":\"WebSite\",\"@id\":\"https:\/\/generativehumanae.ch\/en\/#website\",\"url\":\"https:\/\/generativehumanae.ch\/en\/\",\"name\":\"Generative Humanae\",\"description\":\"Get inspired &amp; Inspire\",\"potentialAction\":[{\"@type\":\"SearchAction\",\"target\":{\"@type\":\"EntryPoint\",\"urlTemplate\":\"https:\/\/generativehumanae.ch\/en\/?s={search_term_string}\"},\"query-input\":{\"@type\":\"PropertyValueSpecification\",\"valueRequired\":true,\"valueName\":\"search_term_string\"}}],\"inLanguage\":\"fr-FR\"},{\"@type\":\"Person\",\"@id\":\"https:\/\/generativehumanae.ch\/en\/#\/schema\/person\/f3085a6140645b154d7ce1afcc0caf6e\",\"name\":\"admingenerative\",\"image\":{\"@type\":\"ImageObject\",\"inLanguage\":\"fr-FR\",\"@id\":\"https:\/\/generativehumanae.ch\/en\/#\/schema\/person\/image\/\",\"url\":\"https:\/\/secure.gravatar.com\/avatar\/adb1b38b3c1ff7b014840b1e41fc246a?s=96&d=mm&r=g\",\"contentUrl\":\"https:\/\/secure.gravatar.com\/avatar\/adb1b38b3c1ff7b014840b1e41fc246a?s=96&d=mm&r=g\",\"caption\":\"admingenerative\"},\"url\":\"https:\/\/generativehumanae.ch\/fr\/author\/owner\/\"}]}<\/script>\n<!-- \/ Yoast SEO plugin. -->","yoast_head_json":{"title":"L\u2019envie individuelle et collective cr\u00e9e l\u2019entreprise \u00ab de g\u00e9nie \u00bb","description":"L\u2019enjeu consiste pour les dirigeants et leurs \u00e9quipes \u00e0 mobiliser pleinement le levier d\u2019\u00e9nergie inoxydable qu\u2019est L\u2019ENVIE, individuelle et collective","robots":{"index":"index","follow":"follow","max-snippet":"max-snippet:-1","max-image-preview":"max-image-preview:large","max-video-preview":"max-video-preview:-1"},"canonical":"https:\/\/generativehumanae.ch\/fr\/entreprise-genie\/","og_locale":"fr_FR","og_type":"article","og_title":"L\u2019envie individuelle et collective cr\u00e9e l\u2019entreprise \u00ab de g\u00e9nie \u00bb","og_description":"L\u2019enjeu consiste pour les dirigeants et leurs \u00e9quipes \u00e0 mobiliser pleinement le levier d\u2019\u00e9nergie inoxydable qu\u2019est L\u2019ENVIE, individuelle et collective","og_url":"https:\/\/generativehumanae.ch\/fr\/entreprise-genie\/","og_site_name":"Generative Humanae","article_published_time":"2020-12-15T13:40:05+00:00","article_modified_time":"2025-03-21T11:15:54+00:00","og_image":[{"width":1024,"height":768,"url":"https:\/\/generativehumanae.ch\/wp-content\/uploads\/2020\/12\/lance-grandahl-tODVdNSZxDA-unsplash-1024x768.jpg","type":"image\/jpeg"}],"author":"admingenerative","twitter_card":"summary_large_image","twitter_misc":{"\u00c9crit par":"admingenerative","Dur\u00e9e de lecture estim\u00e9e":"3 minutes"},"schema":{"@context":"https:\/\/schema.org","@graph":[{"@type":"WebPage","@id":"https:\/\/generativehumanae.ch\/fr\/entreprise-genie\/","url":"https:\/\/generativehumanae.ch\/fr\/entreprise-genie\/","name":"L\u2019envie individuelle et collective cr\u00e9e l\u2019entreprise \u00ab de g\u00e9nie \u00bb","isPartOf":{"@id":"https:\/\/generativehumanae.ch\/en\/#website"},"primaryImageOfPage":{"@id":"https:\/\/generativehumanae.ch\/fr\/entreprise-genie\/#primaryimage"},"image":{"@id":"https:\/\/generativehumanae.ch\/fr\/entreprise-genie\/#primaryimage"},"thumbnailUrl":"https:\/\/generativehumanae.ch\/wp-content\/uploads\/2020\/12\/lance-grandahl-tODVdNSZxDA-unsplash-scaled.jpg","datePublished":"2020-12-15T13:40:05+00:00","dateModified":"2025-03-21T11:15:54+00:00","author":{"@id":"https:\/\/generativehumanae.ch\/en\/#\/schema\/person\/f3085a6140645b154d7ce1afcc0caf6e"},"description":"L\u2019enjeu consiste pour les dirigeants et leurs \u00e9quipes \u00e0 mobiliser pleinement le levier d\u2019\u00e9nergie inoxydable qu\u2019est L\u2019ENVIE, individuelle et collective","breadcrumb":{"@id":"https:\/\/generativehumanae.ch\/fr\/entreprise-genie\/#breadcrumb"},"inLanguage":"fr-FR","potentialAction":[{"@type":"ReadAction","target":["https:\/\/generativehumanae.ch\/fr\/entreprise-genie\/"]}]},{"@type":"ImageObject","inLanguage":"fr-FR","@id":"https:\/\/generativehumanae.ch\/fr\/entreprise-genie\/#primaryimage","url":"https:\/\/generativehumanae.ch\/wp-content\/uploads\/2020\/12\/lance-grandahl-tODVdNSZxDA-unsplash-scaled.jpg","contentUrl":"https:\/\/generativehumanae.ch\/wp-content\/uploads\/2020\/12\/lance-grandahl-tODVdNSZxDA-unsplash-scaled.jpg","width":2560,"height":1919},{"@type":"BreadcrumbList","@id":"https:\/\/generativehumanae.ch\/fr\/entreprise-genie\/#breadcrumb","itemListElement":[{"@type":"ListItem","position":1,"name":"Home","item":"https:\/\/generativehumanae.ch\/fr\/"},{"@type":"ListItem","position":2,"name":"L\u2019envie cr\u00e9e l\u2019entreprise \u00ab de g\u00e9nie \u00bb de 2024"}]},{"@type":"WebSite","@id":"https:\/\/generativehumanae.ch\/en\/#website","url":"https:\/\/generativehumanae.ch\/en\/","name":"Generative Humanae","description":"Get inspired &amp; Inspire","potentialAction":[{"@type":"SearchAction","target":{"@type":"EntryPoint","urlTemplate":"https:\/\/generativehumanae.ch\/en\/?s={search_term_string}"},"query-input":{"@type":"PropertyValueSpecification","valueRequired":true,"valueName":"search_term_string"}}],"inLanguage":"fr-FR"},{"@type":"Person","@id":"https:\/\/generativehumanae.ch\/en\/#\/schema\/person\/f3085a6140645b154d7ce1afcc0caf6e","name":"admingenerative","image":{"@type":"ImageObject","inLanguage":"fr-FR","@id":"https:\/\/generativehumanae.ch\/en\/#\/schema\/person\/image\/","url":"https:\/\/secure.gravatar.com\/avatar\/adb1b38b3c1ff7b014840b1e41fc246a?s=96&d=mm&r=g","contentUrl":"https:\/\/secure.gravatar.com\/avatar\/adb1b38b3c1ff7b014840b1e41fc246a?s=96&d=mm&r=g","caption":"admingenerative"},"url":"https:\/\/generativehumanae.ch\/fr\/author\/owner\/"}]}},"_links":{"self":[{"href":"https:\/\/generativehumanae.ch\/fr\/wp-json\/wp\/v2\/posts\/721","targetHints":{"allow":["GET"]}}],"collection":[{"href":"https:\/\/generativehumanae.ch\/fr\/wp-json\/wp\/v2\/posts"}],"about":[{"href":"https:\/\/generativehumanae.ch\/fr\/wp-json\/wp\/v2\/types\/post"}],"author":[{"embeddable":true,"href":"https:\/\/generativehumanae.ch\/fr\/wp-json\/wp\/v2\/users\/1"}],"replies":[{"embeddable":true,"href":"https:\/\/generativehumanae.ch\/fr\/wp-json\/wp\/v2\/comments?post=721"}],"version-history":[{"count":10,"href":"https:\/\/generativehumanae.ch\/fr\/wp-json\/wp\/v2\/posts\/721\/revisions"}],"predecessor-version":[{"id":3167,"href":"https:\/\/generativehumanae.ch\/fr\/wp-json\/wp\/v2\/posts\/721\/revisions\/3167"}],"wp:featuredmedia":[{"embeddable":true,"href":"https:\/\/generativehumanae.ch\/fr\/wp-json\/wp\/v2\/media\/722"}],"wp:attachment":[{"href":"https:\/\/generativehumanae.ch\/fr\/wp-json\/wp\/v2\/media?parent=721"}],"wp:term":[{"taxonomy":"category","embeddable":true,"href":"https:\/\/generativehumanae.ch\/fr\/wp-json\/wp\/v2\/categories?post=721"},{"taxonomy":"post_tag","embeddable":true,"href":"https:\/\/generativehumanae.ch\/fr\/wp-json\/wp\/v2\/tags?post=721"}],"curies":[{"name":"wp","href":"https:\/\/api.w.org\/{rel}","templated":true}]}}