{"id":691,"date":"2020-12-14T15:20:29","date_gmt":"2020-12-14T14:20:29","guid":{"rendered":"https:\/\/generativehumanae.ch\/?p=691"},"modified":"2025-03-21T12:20:59","modified_gmt":"2025-03-21T11:20:59","slug":"entreprise-heroique","status":"publish","type":"post","link":"https:\/\/generativehumanae.ch\/fr\/entreprise-heroique\/","title":{"rendered":"L\u2019entreprise \u00ab h\u00e9ro\u00efque \u00bb voyage avec Campbell"},"content":{"rendered":"\n<p><strong>Cet article est paru dans L\u2019Agefi du 31 mars 2020<\/strong><\/p>\n\n\n\n<p>De chaque crise na\u00eet des h\u00e9ros. En analysant de tr\u00e8s pr\u00e8s les m\u00e9canismes par lesquels les mythes et les contes construisent l\u2019extra-ordinaire, Joseph Campbell, professeur am\u00e9ricain des ann\u00e9es 50, a r\u00e9ussi \u00e0 mod\u00e9liser un processus de transformation in\u00e9dit. Gr\u00e2ce \u00e0 une s\u00e9quence de seuils \u00e0 franchir, il met en capacit\u00e9 chaque personne, chaque \u00e9quipe, chaque entreprise de se recalibrer pour \u00ab&nbsp;cr\u00e9er le monde auquel il a envie d\u2019appartenir&nbsp;\u00bb. A l\u2019heure o\u00f9 notre \u00e9cosyst\u00e8me tout entier est en d\u00e9s\u00e9quilibre, que de nouveaux mod\u00e8les d\u2019organisation et de collaboration \u00e9mergent, c\u2019est l\u2019occasion unique d\u2019affirmer son leadership. Non pas celui qui impose et qui contr\u00f4le mais celui qui inspire et qui embarque, \u00e0 l\u2019instar des h\u00e9ros qui ont marqu\u00e9 le cours de notre histoire\u2026<\/p>\n\n\n\n<p>Derri\u00e8re les m\u00e9taphores de \u00ab&nbsp;village&nbsp;\u00bb, de \u00ab&nbsp;voyage&nbsp;\u00bb et de \u00ab&nbsp;terres arides&nbsp;\u00bb se cachent trois \u00e9cosyst\u00e8mes, trois dynamiques d\u2019entreprises aux r\u00e9ponses aussi divergentes qu\u2019in\u00e9gales face aux enjeux actuels.<\/p>\n\n\n\n<p><strong>L\u2019entreprise \u00ab&nbsp;villageoise \u00bb <\/strong>acc\u00e9l\u00e8re les rythmes, cr\u00e9e une profusion de projets, valorise l\u2019\u00e9go et le statut, nourrit l\u2019urgence et s\u2019organise pour que rien ne se perde, tout se cr\u00e9e et\u2026rien ne se transforme. Improbable et dangereuse r\u00e9interpr\u00e9tation du Principe de Lavoisier car elle mise sur l\u2019acc\u00e8s infini aux ressources pour maintenir une performance \u00ab&nbsp;h\u00e9ro\u00efque&nbsp;\u00bb ! Face \u00e0 l\u2019\u00e9vidence, beaucoup d\u2019entre elles d\u00e9cident de quitter cette \u00ab&nbsp;zone de confort inconfortable \u00bb et tentent leur Voyage du H\u00e9ros.<\/p>\n\n\n\n<p><strong>L\u2019entreprise \u00ab&nbsp;voyageuse&nbsp;\u00bb<\/strong> part du principe que seuls la convergence et l\u2019alignement des forces et des actions individuelles cr\u00e9ent la puissance et la r\u00e9silience du collectif. Dans les moments de doute comme dans ceux d\u2019euphorie, la voie et la voix du h\u00e9ros consistent \u00e0 inspirer et embarquer l\u2019ensemble des parties prenantes vers une seule et m\u00eame destination. Et avec elle, le courage d\u2019innover, le courage de ne pas \u00eatre aim\u00e9 et le courage de transformer. Pour le meilleur&nbsp;!<\/p>\n\n\n\n<p>7 \u00e9tapes cl\u00e9s font de ce voyage un parcours ambitieux, balis\u00e9 d\u2019\u00e9tapes engageantes&nbsp;:<\/p>\n\n\n\n<p>Etape 1 &#8211; \u00ab&nbsp;L\u2019appel&nbsp;\u00bb ou la d\u00e9finition du \u00ab&nbsp;grand projet&nbsp;\u00bb visionnaire<\/p>\n\n\n\n<p>Etape 2 &#8211; \u00ab&nbsp;Le seuil&nbsp;\u00bb ou l\u2019engagement et la motivation des \u00e9quipes pionni\u00e8res<\/p>\n\n\n\n<p>Etape 3 &#8211; \u00ab&nbsp;Les gardiens&nbsp;\u00bb ou l\u2019int\u00e9gration des r\u00e9seaux d\u2019appui<\/p>\n\n\n\n<p>Etape 4 &#8211; \u00ab&nbsp;L\u2019\u00e9preuve du feu&nbsp;\u00bb ou le d\u00e9passement des peurs et croyances limitantes<\/p>\n\n\n\n<p>Etape 5 &#8211; \u00ab&nbsp;L\u2019int\u00e9gration&nbsp;\u00bb ou les nouvelles ressources et talents \u00e0 disposition<\/p>\n\n\n\n<p>Etape 6 &#8211; \u00ab&nbsp;La nouvelle carte&nbsp;\u00bb ou le plan d\u2019actions par retro-objectifs<\/p>\n\n\n\n<p>Etape 7 &#8211; \u00ab&nbsp;Le retour au village&nbsp;\u00bb ou l\u2019expression d\u2019un leadership l\u00e9gitime et assum\u00e9<\/p>\n\n\n\n<p>Fortes de ce processus v\u00e9cu individuellement et collectivement, les Directions et leurs \u00e9quipes sont d\u00e9sormais pr\u00eates \u00e0 r\u00e9aliser l\u2019extra-ordinaire ou tout simplement l\u2019essentiel.<\/p>\n\n\n\n<p><strong>L\u2019entreprise aux \u00ab terres arides&nbsp;\u00bb <\/strong>ne s\u2019identifie pas aux codes et rites du \u00ab&nbsp;village&nbsp;\u00bb et ne trouve pas les ressources suffisantes pour partir en voyage. Elle erre entre 2 mondes sous un exc\u00e8s de peurs et de contraintes qui annihilent toute possibilit\u00e9 de grands projets collectifs.<\/p>\n\n\n\n<p>De chaque crise na\u00eet des h\u00e9ros. Il appartient \u00e0 chacun de cr\u00e9er un monde auquel il sera fier d\u2019appartenir. L\u2019entreprise \u00ab&nbsp;h\u00e9ro\u00efque&nbsp;\u00bb n\u2019existe pas, c\u2019est un conte, une l\u00e9gende ! Et malgr\u00e9 tout, elle continue \u00e0 voyager au-del\u00e0 de toutes les fronti\u00e8res et \u0153uvre, dans l\u2019ombre, \u00e0 transformer nos prisons en nouveaux horizons.<\/p>\n\n\n\n<p>Lien article Agefi (31 mars 2020): <a href=\"https:\/\/agefi.com\/actualites\/acteurs\/aujourdhui-lentreprise-heroique-voyage-avec-campbell\" target=\"_blank\" rel=\"noreferrer noopener\">https:\/\/agefi.com\/actualites\/acteurs\/aujourdhui-lentreprise-heroique-voyage-avec-campbell<\/a><\/p>\n","protected":false},"excerpt":{"rendered":"<p>Cet article est paru dans L\u2019Agefi du 31 mars 2020 De chaque crise na\u00eet des h\u00e9ros. En analysant de tr\u00e8s pr\u00e8s les m\u00e9canismes par lesquels les mythes et les contes construisent l\u2019extra-ordinaire, Joseph Campbell, professeur am\u00e9ricain des ann\u00e9es 50, a r\u00e9ussi \u00e0 mod\u00e9liser un processus de transformation in\u00e9dit. Gr\u00e2ce \u00e0 une s\u00e9quence de seuils \u00e0 [&hellip;]<\/p>\n","protected":false},"author":1,"featured_media":2856,"comment_status":"closed","ping_status":"open","sticky":false,"template":"","format":"standard","meta":{"_acf_changed":false,"footnotes":""},"categories":[32,20],"tags":[],"class_list":["post-691","post","type-post","status-publish","format-standard","has-post-thumbnail","hentry","category-capsule-inspiration","category-entreprise-heroique"],"acf":[],"yoast_head":"<!-- This site is optimized with the Yoast SEO plugin v24.7 - https:\/\/yoast.com\/wordpress\/plugins\/seo\/ -->\n<title>L\u2019entreprise h\u00e9ro\u00efque n&#039;existe pas, c&#039;est un conte, une l\u00e9gende !<\/title>\n<meta name=\"description\" content=\"De chaque crise na\u00eet des h\u00e9ros. Chaque entreprise \u00e0 une occasion unique d&#039;affirmer son leadership, de cr\u00e9er un monde auquel elle sera fi\u00e8re d&#039;appartenir\" \/>\n<meta name=\"robots\" content=\"index, follow, max-snippet:-1, max-image-preview:large, max-video-preview:-1\" \/>\n<link rel=\"canonical\" href=\"https:\/\/generativehumanae.ch\/fr\/entreprise-heroique\/\" \/>\n<meta property=\"og:locale\" content=\"fr_FR\" \/>\n<meta property=\"og:type\" content=\"article\" \/>\n<meta property=\"og:title\" content=\"L\u2019entreprise h\u00e9ro\u00efque n&#039;existe pas, c&#039;est un conte, une l\u00e9gende !\" \/>\n<meta property=\"og:description\" content=\"De chaque crise na\u00eet des h\u00e9ros. Chaque entreprise \u00e0 une occasion unique d&#039;affirmer son leadership, de cr\u00e9er un monde auquel elle sera fi\u00e8re d&#039;appartenir\" \/>\n<meta property=\"og:url\" content=\"https:\/\/generativehumanae.ch\/fr\/entreprise-heroique\/\" \/>\n<meta property=\"og:site_name\" content=\"Generative Humanae\" \/>\n<meta property=\"article:published_time\" content=\"2020-12-14T14:20:29+00:00\" \/>\n<meta property=\"article:modified_time\" content=\"2025-03-21T11:20:59+00:00\" \/>\n<meta property=\"og:image\" content=\"https:\/\/generativehumanae.ch\/wp-content\/uploads\/2020\/12\/Capture-decran-2018-05-22-a-21.02.48.png\" \/>\n\t<meta property=\"og:image:width\" content=\"676\" \/>\n\t<meta property=\"og:image:height\" content=\"668\" \/>\n\t<meta property=\"og:image:type\" content=\"image\/png\" \/>\n<meta name=\"author\" content=\"admingenerative\" \/>\n<meta name=\"twitter:card\" content=\"summary_large_image\" \/>\n<meta name=\"twitter:label1\" content=\"\u00c9crit par\" \/>\n\t<meta name=\"twitter:data1\" content=\"admingenerative\" \/>\n\t<meta name=\"twitter:label2\" content=\"Dur\u00e9e de lecture estim\u00e9e\" \/>\n\t<meta name=\"twitter:data2\" content=\"3 minutes\" \/>\n<script type=\"application\/ld+json\" class=\"yoast-schema-graph\">{\"@context\":\"https:\/\/schema.org\",\"@graph\":[{\"@type\":\"WebPage\",\"@id\":\"https:\/\/generativehumanae.ch\/fr\/entreprise-heroique\/\",\"url\":\"https:\/\/generativehumanae.ch\/fr\/entreprise-heroique\/\",\"name\":\"L\u2019entreprise h\u00e9ro\u00efque n'existe pas, c'est un conte, une l\u00e9gende !\",\"isPartOf\":{\"@id\":\"https:\/\/generativehumanae.ch\/en\/#website\"},\"primaryImageOfPage\":{\"@id\":\"https:\/\/generativehumanae.ch\/fr\/entreprise-heroique\/#primaryimage\"},\"image\":{\"@id\":\"https:\/\/generativehumanae.ch\/fr\/entreprise-heroique\/#primaryimage\"},\"thumbnailUrl\":\"https:\/\/generativehumanae.ch\/wp-content\/uploads\/2020\/12\/Capture-decran-2018-05-22-a-21.02.48.png\",\"datePublished\":\"2020-12-14T14:20:29+00:00\",\"dateModified\":\"2025-03-21T11:20:59+00:00\",\"author\":{\"@id\":\"https:\/\/generativehumanae.ch\/en\/#\/schema\/person\/f3085a6140645b154d7ce1afcc0caf6e\"},\"description\":\"De chaque crise na\u00eet des h\u00e9ros. Chaque entreprise \u00e0 une occasion unique d'affirmer son leadership, de cr\u00e9er un monde auquel elle sera fi\u00e8re d'appartenir\",\"breadcrumb\":{\"@id\":\"https:\/\/generativehumanae.ch\/fr\/entreprise-heroique\/#breadcrumb\"},\"inLanguage\":\"fr-FR\",\"potentialAction\":[{\"@type\":\"ReadAction\",\"target\":[\"https:\/\/generativehumanae.ch\/fr\/entreprise-heroique\/\"]}]},{\"@type\":\"ImageObject\",\"inLanguage\":\"fr-FR\",\"@id\":\"https:\/\/generativehumanae.ch\/fr\/entreprise-heroique\/#primaryimage\",\"url\":\"https:\/\/generativehumanae.ch\/wp-content\/uploads\/2020\/12\/Capture-decran-2018-05-22-a-21.02.48.png\",\"contentUrl\":\"https:\/\/generativehumanae.ch\/wp-content\/uploads\/2020\/12\/Capture-decran-2018-05-22-a-21.02.48.png\",\"width\":676,\"height\":668},{\"@type\":\"BreadcrumbList\",\"@id\":\"https:\/\/generativehumanae.ch\/fr\/entreprise-heroique\/#breadcrumb\",\"itemListElement\":[{\"@type\":\"ListItem\",\"position\":1,\"name\":\"Home\",\"item\":\"https:\/\/generativehumanae.ch\/fr\/\"},{\"@type\":\"ListItem\",\"position\":2,\"name\":\"L\u2019entreprise \u00ab h\u00e9ro\u00efque \u00bb voyage avec Campbell\"}]},{\"@type\":\"WebSite\",\"@id\":\"https:\/\/generativehumanae.ch\/en\/#website\",\"url\":\"https:\/\/generativehumanae.ch\/en\/\",\"name\":\"Generative Humanae\",\"description\":\"Get inspired &amp; Inspire\",\"potentialAction\":[{\"@type\":\"SearchAction\",\"target\":{\"@type\":\"EntryPoint\",\"urlTemplate\":\"https:\/\/generativehumanae.ch\/en\/?s={search_term_string}\"},\"query-input\":{\"@type\":\"PropertyValueSpecification\",\"valueRequired\":true,\"valueName\":\"search_term_string\"}}],\"inLanguage\":\"fr-FR\"},{\"@type\":\"Person\",\"@id\":\"https:\/\/generativehumanae.ch\/en\/#\/schema\/person\/f3085a6140645b154d7ce1afcc0caf6e\",\"name\":\"admingenerative\",\"image\":{\"@type\":\"ImageObject\",\"inLanguage\":\"fr-FR\",\"@id\":\"https:\/\/generativehumanae.ch\/en\/#\/schema\/person\/image\/\",\"url\":\"https:\/\/secure.gravatar.com\/avatar\/adb1b38b3c1ff7b014840b1e41fc246a?s=96&d=mm&r=g\",\"contentUrl\":\"https:\/\/secure.gravatar.com\/avatar\/adb1b38b3c1ff7b014840b1e41fc246a?s=96&d=mm&r=g\",\"caption\":\"admingenerative\"},\"url\":\"https:\/\/generativehumanae.ch\/fr\/author\/owner\/\"}]}<\/script>\n<!-- \/ Yoast SEO plugin. -->","yoast_head_json":{"title":"L\u2019entreprise h\u00e9ro\u00efque n'existe pas, c'est un conte, une l\u00e9gende !","description":"De chaque crise na\u00eet des h\u00e9ros. Chaque entreprise \u00e0 une occasion unique d'affirmer son leadership, de cr\u00e9er un monde auquel elle sera fi\u00e8re d'appartenir","robots":{"index":"index","follow":"follow","max-snippet":"max-snippet:-1","max-image-preview":"max-image-preview:large","max-video-preview":"max-video-preview:-1"},"canonical":"https:\/\/generativehumanae.ch\/fr\/entreprise-heroique\/","og_locale":"fr_FR","og_type":"article","og_title":"L\u2019entreprise h\u00e9ro\u00efque n'existe pas, c'est un conte, une l\u00e9gende !","og_description":"De chaque crise na\u00eet des h\u00e9ros. Chaque entreprise \u00e0 une occasion unique d'affirmer son leadership, de cr\u00e9er un monde auquel elle sera fi\u00e8re d'appartenir","og_url":"https:\/\/generativehumanae.ch\/fr\/entreprise-heroique\/","og_site_name":"Generative Humanae","article_published_time":"2020-12-14T14:20:29+00:00","article_modified_time":"2025-03-21T11:20:59+00:00","og_image":[{"width":676,"height":668,"url":"https:\/\/generativehumanae.ch\/wp-content\/uploads\/2020\/12\/Capture-decran-2018-05-22-a-21.02.48.png","type":"image\/png"}],"author":"admingenerative","twitter_card":"summary_large_image","twitter_misc":{"\u00c9crit par":"admingenerative","Dur\u00e9e de lecture estim\u00e9e":"3 minutes"},"schema":{"@context":"https:\/\/schema.org","@graph":[{"@type":"WebPage","@id":"https:\/\/generativehumanae.ch\/fr\/entreprise-heroique\/","url":"https:\/\/generativehumanae.ch\/fr\/entreprise-heroique\/","name":"L\u2019entreprise h\u00e9ro\u00efque n'existe pas, c'est un conte, une l\u00e9gende !","isPartOf":{"@id":"https:\/\/generativehumanae.ch\/en\/#website"},"primaryImageOfPage":{"@id":"https:\/\/generativehumanae.ch\/fr\/entreprise-heroique\/#primaryimage"},"image":{"@id":"https:\/\/generativehumanae.ch\/fr\/entreprise-heroique\/#primaryimage"},"thumbnailUrl":"https:\/\/generativehumanae.ch\/wp-content\/uploads\/2020\/12\/Capture-decran-2018-05-22-a-21.02.48.png","datePublished":"2020-12-14T14:20:29+00:00","dateModified":"2025-03-21T11:20:59+00:00","author":{"@id":"https:\/\/generativehumanae.ch\/en\/#\/schema\/person\/f3085a6140645b154d7ce1afcc0caf6e"},"description":"De chaque crise na\u00eet des h\u00e9ros. Chaque entreprise \u00e0 une occasion unique d'affirmer son leadership, de cr\u00e9er un monde auquel elle sera fi\u00e8re d'appartenir","breadcrumb":{"@id":"https:\/\/generativehumanae.ch\/fr\/entreprise-heroique\/#breadcrumb"},"inLanguage":"fr-FR","potentialAction":[{"@type":"ReadAction","target":["https:\/\/generativehumanae.ch\/fr\/entreprise-heroique\/"]}]},{"@type":"ImageObject","inLanguage":"fr-FR","@id":"https:\/\/generativehumanae.ch\/fr\/entreprise-heroique\/#primaryimage","url":"https:\/\/generativehumanae.ch\/wp-content\/uploads\/2020\/12\/Capture-decran-2018-05-22-a-21.02.48.png","contentUrl":"https:\/\/generativehumanae.ch\/wp-content\/uploads\/2020\/12\/Capture-decran-2018-05-22-a-21.02.48.png","width":676,"height":668},{"@type":"BreadcrumbList","@id":"https:\/\/generativehumanae.ch\/fr\/entreprise-heroique\/#breadcrumb","itemListElement":[{"@type":"ListItem","position":1,"name":"Home","item":"https:\/\/generativehumanae.ch\/fr\/"},{"@type":"ListItem","position":2,"name":"L\u2019entreprise \u00ab h\u00e9ro\u00efque \u00bb voyage avec Campbell"}]},{"@type":"WebSite","@id":"https:\/\/generativehumanae.ch\/en\/#website","url":"https:\/\/generativehumanae.ch\/en\/","name":"Generative Humanae","description":"Get inspired &amp; Inspire","potentialAction":[{"@type":"SearchAction","target":{"@type":"EntryPoint","urlTemplate":"https:\/\/generativehumanae.ch\/en\/?s={search_term_string}"},"query-input":{"@type":"PropertyValueSpecification","valueRequired":true,"valueName":"search_term_string"}}],"inLanguage":"fr-FR"},{"@type":"Person","@id":"https:\/\/generativehumanae.ch\/en\/#\/schema\/person\/f3085a6140645b154d7ce1afcc0caf6e","name":"admingenerative","image":{"@type":"ImageObject","inLanguage":"fr-FR","@id":"https:\/\/generativehumanae.ch\/en\/#\/schema\/person\/image\/","url":"https:\/\/secure.gravatar.com\/avatar\/adb1b38b3c1ff7b014840b1e41fc246a?s=96&d=mm&r=g","contentUrl":"https:\/\/secure.gravatar.com\/avatar\/adb1b38b3c1ff7b014840b1e41fc246a?s=96&d=mm&r=g","caption":"admingenerative"},"url":"https:\/\/generativehumanae.ch\/fr\/author\/owner\/"}]}},"_links":{"self":[{"href":"https:\/\/generativehumanae.ch\/fr\/wp-json\/wp\/v2\/posts\/691","targetHints":{"allow":["GET"]}}],"collection":[{"href":"https:\/\/generativehumanae.ch\/fr\/wp-json\/wp\/v2\/posts"}],"about":[{"href":"https:\/\/generativehumanae.ch\/fr\/wp-json\/wp\/v2\/types\/post"}],"author":[{"embeddable":true,"href":"https:\/\/generativehumanae.ch\/fr\/wp-json\/wp\/v2\/users\/1"}],"replies":[{"embeddable":true,"href":"https:\/\/generativehumanae.ch\/fr\/wp-json\/wp\/v2\/comments?post=691"}],"version-history":[{"count":9,"href":"https:\/\/generativehumanae.ch\/fr\/wp-json\/wp\/v2\/posts\/691\/revisions"}],"predecessor-version":[{"id":3170,"href":"https:\/\/generativehumanae.ch\/fr\/wp-json\/wp\/v2\/posts\/691\/revisions\/3170"}],"wp:featuredmedia":[{"embeddable":true,"href":"https:\/\/generativehumanae.ch\/fr\/wp-json\/wp\/v2\/media\/2856"}],"wp:attachment":[{"href":"https:\/\/generativehumanae.ch\/fr\/wp-json\/wp\/v2\/media?parent=691"}],"wp:term":[{"taxonomy":"category","embeddable":true,"href":"https:\/\/generativehumanae.ch\/fr\/wp-json\/wp\/v2\/categories?post=691"},{"taxonomy":"post_tag","embeddable":true,"href":"https:\/\/generativehumanae.ch\/fr\/wp-json\/wp\/v2\/tags?post=691"}],"curies":[{"name":"wp","href":"https:\/\/api.w.org\/{rel}","templated":true}]}}